{"id":15904,"date":"2016-10-19T18:23:48","date_gmt":"2016-10-19T17:23:48","guid":{"rendered":"http:\/\/www.brus.si\/?p=15904"},"modified":"2016-10-20T15:32:56","modified_gmt":"2016-10-20T14:32:56","slug":"brusov-vozni-park-pridobil-nov-vlacilec","status":"publish","type":"post","link":"http:\/\/www.brus.si\/index.php\/2016\/10\/19\/brusov-vozni-park-pridobil-nov-vlacilec\/","title":{"rendered":"Brusov vozni park pridobil nov vla\u010dilec"},"content":{"rendered":"<p>V podjetju BRUS d.o.o. stremimo k visoki kakovosti na\u0161ih storitev. V \u017eelji po nadaljnjem razvoju med drugim neprestano izbolj\u0161ujemo in vzdr\u017eujemo vozni park; biti ne le dober, temvec\u030c \u0161e bolj\u0161i. Tako je od danes dalje na\u0161 vozni park bogatej\u0161i za nov vla\u010dilec <b>Actros 1845LS<\/b> znamke <b>Mercedez<\/b> Benz.<\/p>\n<div class=\"entry-image\"><a class=\"prettyPhoto\" title=\"Brusov vozni park pridobil nov vla\u010dilec\" href=\"http:\/\/www.brus.si\/wp-content\/uploads\/2016\/10\/Brus_d_o_o_transport-Kamion-_Mercedez_Albatros_Dnevna_Brus.si_.jpg\" rel=\"bookmark\"><br \/>\n<img loading=\"lazy\" class=\"attachment-blog size-blog wp-post-image\" src=\"http:\/\/www.brus.si\/wp-content\/uploads\/2016\/10\/Brus_d_o_o_transport-Kamion-_Mercedez_Albatros_Dnevna_Brus.si_.jpg\" alt=\"Brus_d_o_o_transport-Kamion _Mercedez_Albatros_Nocna_Brus.si\" width=\"1000\" height=\"563\" \/><br \/>\n<\/a><\/p>\n<div class=\"entry-overlay\" style=\"opacity: 0;\"><\/div>\n<\/div>\n","protected":false},"excerpt":{"rendered":"<p>V podjetju BRUS d.o.o. stremimo k visoki kakovosti na\u0161ih storitev. V \u017eelji po nadaljnjem razvoju med drugim neprestano izbolj\u0161ujemo in vzdr\u017eujemo vozni park; biti ne le dober, temvec\u030c \u0161e bolj\u0161i. Tako je od danes dalje na\u0161 vozni park bogatej\u0161i za nov vla\u010dilec Actros 1845LS znamke Mercedez Benz.<\/p>\n","protected":false},"author":1,"featured_media":15970,"comment_status":"open","ping_status":"open","sticky":false,"template":"","format":"standard","meta":[],"categories":[2],"tags":[],"yoast_head":"<!-- This site is optimized with the Yoast SEO plugin v15.8 - https:\/\/yoast.com\/wordpress\/plugins\/seo\/ -->\n<title>Brusov vozni park pridobil nov vla\u010dilec - Brus.si<\/title>\n<meta name=\"robots\" content=\"index, follow, max-snippet:-1, max-image-preview:large, max-video-preview:-1\" \/>\n<link rel=\"canonical\" href=\"http:\/\/www.brus.si\/index.php\/2016\/10\/19\/brusov-vozni-park-pridobil-nov-vlacilec\/\" \/>\n<meta property=\"og:locale\" content=\"sl_SI\" \/>\n<meta property=\"og:type\" content=\"article\" \/>\n<meta property=\"og:title\" content=\"Brusov vozni park pridobil nov vla\u010dilec - Brus.si\" \/>\n<meta property=\"og:description\" content=\"V podjetju BRUS d.o.o. stremimo k visoki kakovosti na\u0161ih storitev. V \u017eelji po nadaljnjem razvoju med drugim neprestano izbolj\u0161ujemo in vzdr\u017eujemo vozni park; biti ne le dober, temvec\u030c \u0161e bolj\u0161i. Tako je od danes dalje na\u0161 vozni park bogatej\u0161i za nov vla\u010dilec Actros 1845LS znamke Mercedez Benz.\" \/>\n<meta property=\"og:url\" content=\"http:\/\/www.brus.si\/index.php\/2016\/10\/19\/brusov-vozni-park-pridobil-nov-vlacilec\/\" \/>\n<meta property=\"og:site_name\" content=\"Brus.si\" \/>\n<meta property=\"article:published_time\" content=\"2016-10-19T17:23:48+00:00\" \/>\n<meta property=\"article:modified_time\" content=\"2016-10-20T14:32:56+00:00\" \/>\n<meta property=\"og:image\" content=\"http:\/\/www.brus.si\/wp-content\/uploads\/2016\/10\/01_Brus_d_o_o_transport-Kamion-_Mercedez_Albatros_Dnevna_Brus.si_-1.jpg\" \/>\n\t<meta property=\"og:image:width\" content=\"800\" \/>\n\t<meta property=\"og:image:height\" content=\"700\" \/>\n<meta name=\"twitter:card\" content=\"summary_large_image\" \/>\n<script type=\"application\/ld+json\" class=\"yoast-schema-graph\">{\"@context\":\"https:\/\/schema.org\",\"@graph\":[{\"@type\":\"WebSite\",\"@id\":\"https:\/\/www.brus.si\/#website\",\"url\":\"https:\/\/www.brus.si\/\",\"name\":\"Brus.si\",\"description\":\"BRUS d.o.o. -  Transport\",\"potentialAction\":[{\"@type\":\"SearchAction\",\"target\":\"https:\/\/www.brus.si\/?s={search_term_string}\",\"query-input\":\"required name=search_term_string\"}],\"inLanguage\":\"sl-SI\"},{\"@type\":\"ImageObject\",\"@id\":\"http:\/\/www.brus.si\/index.php\/2016\/10\/19\/brusov-vozni-park-pridobil-nov-vlacilec\/#primaryimage\",\"inLanguage\":\"sl-SI\",\"url\":\"http:\/\/www.brus.si\/wp-content\/uploads\/2016\/10\/01_Brus_d_o_o_transport-Kamion-_Mercedez_Albatros_Dnevna_Brus.si_-1.jpg\",\"width\":800,\"height\":700},{\"@type\":\"WebPage\",\"@id\":\"http:\/\/www.brus.si\/index.php\/2016\/10\/19\/brusov-vozni-park-pridobil-nov-vlacilec\/#webpage\",\"url\":\"http:\/\/www.brus.si\/index.php\/2016\/10\/19\/brusov-vozni-park-pridobil-nov-vlacilec\/\",\"name\":\"Brusov vozni park pridobil nov vla\\u010dilec - Brus.si\",\"isPartOf\":{\"@id\":\"https:\/\/www.brus.si\/#website\"},\"primaryImageOfPage\":{\"@id\":\"http:\/\/www.brus.si\/index.php\/2016\/10\/19\/brusov-vozni-park-pridobil-nov-vlacilec\/#primaryimage\"},\"datePublished\":\"2016-10-19T17:23:48+00:00\",\"dateModified\":\"2016-10-20T14:32:56+00:00\",\"author\":{\"@id\":\"https:\/\/www.brus.si\/#\/schema\/person\/8c2960ae6ce0719bc4f20018c0b7a325\"},\"breadcrumb\":{\"@id\":\"http:\/\/www.brus.si\/index.php\/2016\/10\/19\/brusov-vozni-park-pridobil-nov-vlacilec\/#breadcrumb\"},\"inLanguage\":\"sl-SI\",\"potentialAction\":[{\"@type\":\"ReadAction\",\"target\":[\"http:\/\/www.brus.si\/index.php\/2016\/10\/19\/brusov-vozni-park-pridobil-nov-vlacilec\/\"]}]},{\"@type\":\"BreadcrumbList\",\"@id\":\"http:\/\/www.brus.si\/index.php\/2016\/10\/19\/brusov-vozni-park-pridobil-nov-vlacilec\/#breadcrumb\",\"itemListElement\":[{\"@type\":\"ListItem\",\"position\":1,\"item\":{\"@type\":\"WebPage\",\"@id\":\"https:\/\/www.brus.si\/\",\"url\":\"https:\/\/www.brus.si\/\",\"name\":\"Home\"}},{\"@type\":\"ListItem\",\"position\":2,\"item\":{\"@type\":\"WebPage\",\"@id\":\"http:\/\/www.brus.si\/index.php\/2016\/10\/19\/brusov-vozni-park-pridobil-nov-vlacilec\/\",\"url\":\"http:\/\/www.brus.si\/index.php\/2016\/10\/19\/brusov-vozni-park-pridobil-nov-vlacilec\/\",\"name\":\"Brusov vozni park pridobil nov vla\\u010dilec\"}}]},{\"@type\":\"Person\",\"@id\":\"https:\/\/www.brus.si\/#\/schema\/person\/8c2960ae6ce0719bc4f20018c0b7a325\",\"name\":\"Brus\",\"image\":{\"@type\":\"ImageObject\",\"@id\":\"https:\/\/www.brus.si\/#personlogo\",\"inLanguage\":\"sl-SI\",\"url\":\"http:\/\/1.gravatar.com\/avatar\/451a95e3c0a94c7a3b3993df678293df?s=96&d=mm&r=g\",\"caption\":\"Brus\"}}]}<\/script>\n<!-- \/ Yoast SEO plugin. -->","_links":{"self":[{"href":"http:\/\/www.brus.si\/index.php\/wp-json\/wp\/v2\/posts\/15904"}],"collection":[{"href":"http:\/\/www.brus.si\/index.php\/wp-json\/wp\/v2\/posts"}],"about":[{"href":"http:\/\/www.brus.si\/index.php\/wp-json\/wp\/v2\/types\/post"}],"author":[{"embeddable":true,"href":"http:\/\/www.brus.si\/index.php\/wp-json\/wp\/v2\/users\/1"}],"replies":[{"embeddable":true,"href":"http:\/\/www.brus.si\/index.php\/wp-json\/wp\/v2\/comments?post=15904"}],"version-history":[{"count":7,"href":"http:\/\/www.brus.si\/index.php\/wp-json\/wp\/v2\/posts\/15904\/revisions"}],"predecessor-version":[{"id":15914,"href":"http:\/\/www.brus.si\/index.php\/wp-json\/wp\/v2\/posts\/15904\/revisions\/15914"}],"wp:featuredmedia":[{"embeddable":true,"href":"http:\/\/www.brus.si\/index.php\/wp-json\/wp\/v2\/media\/15970"}],"wp:attachment":[{"href":"http:\/\/www.brus.si\/index.php\/wp-json\/wp\/v2\/media?parent=15904"}],"wp:term":[{"taxonomy":"category","embeddable":true,"href":"http:\/\/www.brus.si\/index.php\/wp-json\/wp\/v2\/categories?post=15904"},{"taxonomy":"post_tag","embeddable":true,"href":"http:\/\/www.brus.si\/index.php\/wp-json\/wp\/v2\/tags?post=15904"}],"curies":[{"name":"wp","href":"https:\/\/api.w.org\/{rel}","templated":true}]}}